{"id":658,"date":"2011-02-25T16:46:00","date_gmt":"2011-02-25T15:46:00","guid":{"rendered":"http:\/\/saladtomatonion.com\/blog\/?p=658"},"modified":"2017-02-13T16:05:25","modified_gmt":"2017-02-13T14:05:25","slug":"comment-configurer-la-confidentialite-sur-facebook","status":"publish","type":"post","link":"https:\/\/saladtomatonion.com\/blog\/2011\/02\/25\/comment-configurer-la-confidentialite-sur-facebook\/","title":{"rendered":"Comment configurer la confidentialit\u00e9 sur Facebook"},"content":{"rendered":"<blockquote><p><strong>ATTENTION<\/strong>! Ce post date de 2011 et l&rsquo;interface graphique de Facebook a beaucoup chang\u00e9 depuis. Je n&rsquo;ai pas mis l&rsquo;article \u00e0 jour du fait de changements fr\u00e9quents de leur part. Ceci dit, plusieurs choses expliqu\u00e9es ici sont toujours valables (surtout concernant les listes d&rsquo;amis pour la visibilit\u00e9), simplement pr\u00e9sent\u00e9es sous une forme l\u00e9g\u00e8rement diff\u00e9rente.<\/p><\/blockquote>\n<p>Aujourd&rsquo;hui, on met des rideaux aux fen\u00eatres! Je me suis rendu compte que nombre de mes contacts Facebook\u00a0 \u2014 et particuli\u00e8rement mes plus jeunes cousins et neveux \u2014 n&rsquo;avaient pas forc\u00e9ment masqu\u00e9 toutes les informations quelque peu personnelles les concernant. Les r\u00e9glages de confidentialit\u00e9 \u00e9tant un peu cryptiques, je vous partage ici le r\u00e9sultat d&rsquo;heures pass\u00e9es \u00e0 trouver puis \u00e0 comprendre chaque option.<\/p>\n<p>C&rsquo;est ma fa\u00e7on personnelle de r\u00e9gler la confidentialit\u00e9. Chacun en fera ce qu&rsquo;il voudra, \u00e9videmment. Si vous \u00eates un parent soucieux de la vie num\u00e9rique de vos ados, cet article est pour vous!<!--more--><\/p>\n<hr \/>\n<p style=\"text-align: left;\">Pour un Facebook r\u00e9gl\u00e9 en fran\u00e7ais, je commence par aller en haut \u00e0 droite, sur le menu \u00ab\u00a0Compte\u00a0\u00bb pour choisir \u00ab\u00a0Param\u00e8tres de confidentialit\u00e9\u00a0\u00bb.<\/p>\n<p style=\"text-align: center;\"><a rel=\"lightbox\" href=\"http:\/\/saladtomatonion.com\/blog\/wp-content\/uploads\/2011\/02\/fbprivacy001.png\"><img decoding=\"async\" loading=\"lazy\" class=\"aligncenter size-medium wp-image-663\" title=\"Menu des param\u00e8tres de confidentialit\u00e9\" src=\"http:\/\/saladtomatonion.com\/blog\/wp-content\/uploads\/2011\/02\/fbprivacy001-300x85.png\" alt=\"\" width=\"300\" height=\"85\" srcset=\"https:\/\/saladtomatonion.com\/blog\/wp-content\/uploads\/2011\/02\/fbprivacy001-300x85.png 300w, https:\/\/saladtomatonion.com\/blog\/wp-content\/uploads\/2011\/02\/fbprivacy001.png 1005w\" sizes=\"(max-width: 300px) 100vw, 300px\" \/><\/a><\/p>\n<h2 style=\"text-align: left;\">Partage sur Facebook<\/h2>\n<p style=\"text-align: left;\">Dans la section \u00ab\u00a0Partage sur Facebook\u00a0\u00bb, je s\u00e9lectionne \u00ab\u00a0Personnaliser les param\u00e8tres\u00a0\u00bb. Le pr\u00e9r\u00e9glage \u00ab\u00a0Amis seulement\u00a0\u00bb est dans l&rsquo;id\u00e9e de la restriction que je veux obtenir, mais n&rsquo;est pas encore assez confidentiel \u00e0 mon go\u00fbt.<\/p>\n<p style=\"text-align: center;\"><a rel=\"lightbox\" href=\"http:\/\/saladtomatonion.com\/blog\/wp-content\/uploads\/2011\/02\/fbprivacy002.png\"><img decoding=\"async\" loading=\"lazy\" class=\"aligncenter size-medium wp-image-665\" title=\"R\u00e9glages de la port\u00e9e de ce que je partage\" src=\"http:\/\/saladtomatonion.com\/blog\/wp-content\/uploads\/2011\/02\/fbprivacy002-300x279.png\" alt=\"\" width=\"300\" height=\"279\" srcset=\"https:\/\/saladtomatonion.com\/blog\/wp-content\/uploads\/2011\/02\/fbprivacy002-300x279.png 300w, https:\/\/saladtomatonion.com\/blog\/wp-content\/uploads\/2011\/02\/fbprivacy002.png 431w\" sizes=\"(max-width: 300px) 100vw, 300px\" \/><\/a><\/p>\n<p>Pour r\u00e9sumer, je vais passer toutes les options \u00e0 la visibilit\u00e9 \u00ab\u00a0Amis seulements\u00a0\u00bb, \u00e0 quelques exceptions pr\u00e8s. Il y a aussi des subtilit\u00e9s \u00e0 ne pas manquer.<\/p>\n<p>Ce que je partage :<\/p>\n<ul>\n<li>Mes publications, famille, relations, int\u00e9ress\u00e9(e) par, biographie et citations, site web, opinions politiques et religieuses, date de naissance, lieux dans lesquels j&rsquo;indique me trouver : <strong>amis seulement<\/strong><\/li>\n<li>M&rsquo;inclure dans la liste des personnes pr\u00e9sentes : <strong>d\u00e9sactiver<\/strong><\/li>\n<\/ul>\n<p>Attention ici, il faut bien \u00ab\u00a0<em>Modifier ses param\u00e8tres de confidentialit\u00e9 pour les albums photo et vid\u00e9os<\/em>\u00ab\u00a0, car par d\u00e9faut, les photos publi\u00e9es sur le mur sont visibles de tous.<\/p>\n<p style=\"text-align: center;\"><a rel=\"lightbox\" href=\"http:\/\/saladtomatonion.com\/blog\/wp-content\/uploads\/2011\/02\/fbprivacy003.png\"><img decoding=\"async\" loading=\"lazy\" class=\"aligncenter size-full wp-image-670\" style=\"border: 1px solid #cccccc;\" title=\"Param\u00e8tre de visibilit\u00e9 des albums photo\" src=\"http:\/\/saladtomatonion.com\/blog\/wp-content\/uploads\/2011\/02\/fbprivacy003.png\" alt=\"\" width=\"410\" height=\"46\" srcset=\"https:\/\/saladtomatonion.com\/blog\/wp-content\/uploads\/2011\/02\/fbprivacy003.png 410w, https:\/\/saladtomatonion.com\/blog\/wp-content\/uploads\/2011\/02\/fbprivacy003-300x33.png 300w\" sizes=\"(max-width: 410px) 100vw, 410px\" \/><\/a><\/p>\n<p>Vous pouvez choisir de laisser publique votre album de photos de profil, mais attention toutefois \u00e0 ce que vous choisirez pour vous repr\u00e9senter et vous faire reconna\u00eetre. Je r\u00e8gle ensuite pour partager les photos du mur avec mes <strong>amis seulement<\/strong>.<\/p>\n<p style=\"text-align: center;\"><a rel=\"lightbox\" href=\"http:\/\/saladtomatonion.com\/blog\/wp-content\/uploads\/2011\/02\/fbprivacy004.png\"><img decoding=\"async\" loading=\"lazy\" class=\"aligncenter size-medium wp-image-673\" title=\"Param\u00e8tre de visibilit\u00e9 des albums photo\" src=\"http:\/\/saladtomatonion.com\/blog\/wp-content\/uploads\/2011\/02\/fbprivacy004-299x204.png\" alt=\"\" width=\"299\" height=\"204\" srcset=\"https:\/\/saladtomatonion.com\/blog\/wp-content\/uploads\/2011\/02\/fbprivacy004-299x204.png 299w, https:\/\/saladtomatonion.com\/blog\/wp-content\/uploads\/2011\/02\/fbprivacy004.png 562w\" sizes=\"(max-width: 299px) 100vw, 299px\" \/><\/a><em> <\/em><\/p>\n<blockquote><p>Note : si votre album \u00ab\u00a0Photos du mur\u00a0\u00bb n&rsquo;existe pas, allez publier une photo sur votre mur pour revenir au r\u00e9glage\u00a0 ensuite.<\/p><\/blockquote>\n<p>Concernant la section \u00ab\u00a0Ce que d&rsquo;autres partagent\u00a0\u00bb:<\/p>\n<ul>\n<li>Photos et vid\u00e9os dans lesquelles je suis identifi\u00e9(e) : je clique sur \u00ab\u00a0Modifier les param\u00e8tres\u00a0\u00bb pour filtrer sur \u00ab\u00a0<strong>Amis seulement<\/strong><em>\u00ab\u00a0<\/em>.<\/li>\n<li>Mes amis peuvent publier sur mon mur : <strong>Activer<\/strong><\/li>\n<li>Voir les publications d&rsquo;amis sur mon mur <strong>: Amis seulement<\/strong><\/li>\n<li>Mes amis peuvent indiquer que je me trouve \u00e0 certains endroits : <strong>D\u00e9sactiver<\/strong><\/li>\n<\/ul>\n<p>Pour mes coordonn\u00e9es, je pr\u00e9f\u00e8re ne rien partager : je n&rsquo;ai de toute fa\u00e7on rempli que mon adresse email, mais je ne souhaite pas qu&rsquo;elle soit visible.<\/p>\n<p>Je vais modifier le param\u00e8tre de visibilit\u00e9 \u00e0 \u00ab\u00a0Moi uniquement\u00a0\u00bb. Pour cela, je s\u00e9lectionne \u00ab\u00a0Personnaliser\u00a0\u00bb dans le menu de visibilit\u00e9.<\/p>\n<p style=\"text-align: center;\"><a rel=\"lightbox\" href=\"http:\/\/saladtomatonion.com\/blog\/wp-content\/uploads\/2011\/02\/fbprivacy005.png\"><img decoding=\"async\" loading=\"lazy\" class=\"aligncenter size-medium wp-image-678\" title=\"Acc\u00e8s au r\u00e9glage personnalis\u00e9 pour le partage\" src=\"http:\/\/saladtomatonion.com\/blog\/wp-content\/uploads\/2011\/02\/fbprivacy005-300x59.png\" alt=\"\" width=\"300\" height=\"59\" srcset=\"https:\/\/saladtomatonion.com\/blog\/wp-content\/uploads\/2011\/02\/fbprivacy005-300x59.png 300w, https:\/\/saladtomatonion.com\/blog\/wp-content\/uploads\/2011\/02\/fbprivacy005.png 707w\" sizes=\"(max-width: 300px) 100vw, 300px\" \/><\/a><\/p>\n<p>Puis dans la fen\u00eatre qui appara\u00eet, je peux choisir \u00ab\u00a0<strong>Moi uniquement<\/strong>\u00ab\u00a0. C&rsquo;est dommage que cette option ne soit pas accessible directement. D&rsquo;un certain c\u00f4t\u00e9, on peut dire que \u00e7a n&rsquo;aurait pas vraiment de sens sur un r\u00e9seau social, mais j&rsquo;aurais aim\u00e9 que \u00e7a soit plus facile malgr\u00e9 tout.<\/p>\n<p style=\"text-align: center;\"><a rel=\"lightbox\" href=\"http:\/\/saladtomatonion.com\/blog\/wp-content\/uploads\/2011\/02\/fbprivacy006.png\"><img decoding=\"async\" loading=\"lazy\" class=\"aligncenter size-medium wp-image-679\" title=\"O\u00f9 trouver l'\u00e9l\u00e9ment &quot;Moi uniquement&quot;\" src=\"http:\/\/saladtomatonion.com\/blog\/wp-content\/uploads\/2011\/02\/fbprivacy006-300x148.png\" alt=\"\" width=\"300\" height=\"148\" srcset=\"https:\/\/saladtomatonion.com\/blog\/wp-content\/uploads\/2011\/02\/fbprivacy006-300x148.png 300w, https:\/\/saladtomatonion.com\/blog\/wp-content\/uploads\/2011\/02\/fbprivacy006.png 522w\" sizes=\"(max-width: 300px) 100vw, 300px\" \/><\/a><\/p>\n<blockquote>\n<p style=\"text-align: left;\">Vous aurez remarqu\u00e9, dans ce menu, que vous pouvez aussi choisir sp\u00e9cifiquement des personnes ou des listes de personnes vers qui vous souhaitez partager, ou au contraire pour qui vous souhaitez masquer une information. Cette personnalisation est aussi disponible pour chaque publication que vous faites (photo, statut, etc).<\/p>\n<\/blockquote>\n<p style=\"text-align: left;\">J&rsquo;ai donc chang\u00e9 la visibilit\u00e9 de T\u00e9l\u00e9phone mobile, Autre t\u00e9l\u00e9phone, Adresse, Pseudo de messagerie instantan\u00e9e, adresse email \u00e0 : \u00ab\u00a0<strong>Moi uniquement<\/strong>\u00ab\u00a0.<\/p>\n<h2 style=\"text-align: left;\">Entrer en contact sur Facebook<\/h2>\n<p>Dans cette section, je vais personnaliser ce qu&rsquo;on voit de mes informations \u00ab\u00a0de r\u00e9seau\u00a0\u00bb, c&rsquo;est \u00e0 dire, dans la logique Facebook, les informations qui pourraient amener les personnes \u00e0 se rencontrer <em>via <\/em>des points communs (\u00e9cole, travail, go\u00fbts), ou plus simplement parce qu&rsquo;elles se connaissent.<\/p>\n<p style=\"text-align: center;\"><a rel=\"lightbox\" href=\"http:\/\/saladtomatonion.com\/blog\/wp-content\/uploads\/2011\/02\/fbprivacy007.png\"><img decoding=\"async\" loading=\"lazy\" class=\"aligncenter size-medium wp-image-685\" title=\"Menu &quot;Entrer en contact sur facebook&quot;\" src=\"http:\/\/saladtomatonion.com\/blog\/wp-content\/uploads\/2011\/02\/fbprivacy007-300x56.png\" alt=\"\" width=\"300\" height=\"56\" srcset=\"https:\/\/saladtomatonion.com\/blog\/wp-content\/uploads\/2011\/02\/fbprivacy007-300x56.png 300w, https:\/\/saladtomatonion.com\/blog\/wp-content\/uploads\/2011\/02\/fbprivacy007.png 624w\" sizes=\"(max-width: 300px) 100vw, 300px\" \/><\/a><\/p>\n<ul>\n<li>Vous trouver sur Facebook : ma page facebook sera list\u00e9e dans les r\u00e9sultats de recherche. Pour un adulte, on laissera le r\u00e9glage \u00e0 \u00ab\u00a0<strong>Tout le monde<\/strong>\u00ab\u00a0, pour pouvoir entrer en contact avec ses amis de l&rsquo;\u00e9cole primaire. Mais pour un ado, je pr\u00e9f\u00e8rere conseiller de passer cette option \u00e0 \u00ab\u00a0<strong>Amis seulement<\/strong>\u00ab\u00a0.<br \/>\nIl faudra donc communiquer l&rsquo;URL exacte du compte Facebook pour une mise en contact.<\/p>\n<blockquote><p>C&rsquo;est l&rsquo;URL de la page que vous chargez en cliquant sur \u00ab\u00a0Profil\u00a0\u00bb dans le menu sup\u00e9rieur.<\/p><\/blockquote>\n<\/li>\n<li>Vous envoyer des invitations, Vous envoyer des messages : on peut laisser \u00ab\u00a0<strong>Tout le monde<\/strong>\u00ab\u00a0, c&rsquo;est pratique.<\/li>\n<li>Voir votre liste d&rsquo;amis : il n&rsquo;y a pas de raison que le monde entier sache avec qui je suis en contact, je la passe donc \u00e0 \u00ab\u00a0<strong>Amis seulement<\/strong>\u00ab\u00a0.<\/li>\n<li>Voir votre formation et votre emploi, Voir votre ville actuelle et votre ville d\u2019origine\u00a0 : \u00ab\u00a0<strong>Amis seulement<\/strong>\u00ab\u00a0, m\u00eame si ce sont des informations que je partagerais \u00e9ventuellement plus.<\/li>\n<li>Voir vos centres d\u2019int\u00e9r\u00eat, vos activit\u00e9s et connexions : j&rsquo;ai choisi \u00ab\u00a0<strong>Amis seulement<\/strong>\u00ab\u00a0. Je pr\u00e9f\u00e8re que mes hobbies et mes s\u00e9ries TV pr\u00e9f\u00e9r\u00e9es ne sortent pas du cercle des personnes avec qui je suis d\u00e9j\u00e0 en contact.<\/li>\n<\/ul>\n<h2>Comment v\u00e9rifier que tout est en ordre<\/h2>\n<p>En haut de la page de r\u00e9glage de confidentialit\u00e9, vous trouverez un bouton \u00ab\u00a0Aper\u00e7u de mon profil\u00a0\u00bb tr\u00e8s pratique qui simule la page de votre profil vue par une personne ne faisant pas partie de vos contacts. Vous pouvez aussi la simuler telle que vue par une personne quelconque, il suffit d&rsquo;entrer son nom! J&rsquo;ai pu v\u00e9rifier ainsi que j&rsquo;avais effectivement masqu\u00e9 tout ce que je ne souhaitais pas voir appara\u00eetre.<\/p>\n<p style=\"text-align: center;\"><a rel=\"lightbox\" href=\"http:\/\/saladtomatonion.com\/blog\/wp-content\/uploads\/2011\/02\/fbprivacy008.png\"><img decoding=\"async\" loading=\"lazy\" class=\"aligncenter size-medium wp-image-684\" title=\"Visualiser le profil\" src=\"http:\/\/saladtomatonion.com\/blog\/wp-content\/uploads\/2011\/02\/fbprivacy008-300x112.png\" alt=\"\" width=\"300\" height=\"112\" srcset=\"https:\/\/saladtomatonion.com\/blog\/wp-content\/uploads\/2011\/02\/fbprivacy008-300x112.png 300w, https:\/\/saladtomatonion.com\/blog\/wp-content\/uploads\/2011\/02\/fbprivacy008.png 1005w\" sizes=\"(max-width: 300px) 100vw, 300px\" \/><\/a><\/p>\n<p>Et voil\u00e0, nous avons fait un tour que j&rsquo;esp\u00e8re complet. On pourra argumenter qu&rsquo;on peut ne pas \u00eatre sur Facebook si on ne veut pas que nos infos soient visible, ce avec quoi je suis d&rsquo;accord. Mais je suppose aussi que d&rsquo;autres, comme moi, trouvent un aspect pratique \u00e0 ce site social. Et surtout, je pense qu&rsquo;on ne pourra pas emp\u00eacher nos enfants de s&rsquo;y inscrire, alors autant avoir toutes les cartes en main!<\/p>\n","protected":false},"excerpt":{"rendered":"<p>ATTENTION! Ce post date de 2011 et l&rsquo;interface graphique de Facebook a beaucoup chang\u00e9 depuis. Je n&rsquo;ai pas mis l&rsquo;article \u00e0 jour du fait de changements fr\u00e9quents de leur part. Ceci dit, plusieurs choses&#46;&#46;&#46;<\/p>\n","protected":false},"author":2,"featured_media":681,"comment_status":"open","ping_status":"open","sticky":false,"template":"","format":"standard","meta":{"footnotes":"","jetpack_publicize_message":"","jetpack_is_tweetstorm":false,"jetpack_publicize_feature_enabled":true,"jetpack_social_post_already_shared":false,"jetpack_social_options":{"image_generator_settings":{"template":"highway","enabled":false}}},"categories":[4],"tags":[167,165,166,168,164,19],"jetpack_publicize_connections":[],"jetpack_featured_media_url":"https:\/\/saladtomatonion.com\/blog\/wp-content\/uploads\/2011\/02\/facebook-logo.png","jetpack_sharing_enabled":true,"_links":{"self":[{"href":"https:\/\/saladtomatonion.com\/blog\/wp-json\/wp\/v2\/posts\/658"}],"collection":[{"href":"https:\/\/saladtomatonion.com\/blog\/wp-json\/wp\/v2\/posts"}],"about":[{"href":"https:\/\/saladtomatonion.com\/blog\/wp-json\/wp\/v2\/types\/post"}],"author":[{"embeddable":true,"href":"https:\/\/saladtomatonion.com\/blog\/wp-json\/wp\/v2\/users\/2"}],"replies":[{"embeddable":true,"href":"https:\/\/saladtomatonion.com\/blog\/wp-json\/wp\/v2\/comments?post=658"}],"version-history":[{"count":34,"href":"https:\/\/saladtomatonion.com\/blog\/wp-json\/wp\/v2\/posts\/658\/revisions"}],"predecessor-version":[{"id":1260,"href":"https:\/\/saladtomatonion.com\/blog\/wp-json\/wp\/v2\/posts\/658\/revisions\/1260"}],"wp:featuredmedia":[{"embeddable":true,"href":"https:\/\/saladtomatonion.com\/blog\/wp-json\/wp\/v2\/media\/681"}],"wp:attachment":[{"href":"https:\/\/saladtomatonion.com\/blog\/wp-json\/wp\/v2\/media?parent=658"}],"wp:term":[{"taxonomy":"category","embeddable":true,"href":"https:\/\/saladtomatonion.com\/blog\/wp-json\/wp\/v2\/categories?post=658"},{"taxonomy":"post_tag","embeddable":true,"href":"https:\/\/saladtomatonion.com\/blog\/wp-json\/wp\/v2\/tags?post=658"}],"curies":[{"name":"wp","href":"https:\/\/api.w.org\/{rel}","templated":true}]}}