{"id":348,"date":"2010-06-16T09:05:46","date_gmt":"2010-06-16T08:05:46","guid":{"rendered":"http:\/\/saladtomatonion.com\/blog\/?p=348"},"modified":"2010-06-16T09:15:49","modified_gmt":"2010-06-16T08:15:49","slug":"mesurer-lexposition-avec-son-reflex-numerique","status":"publish","type":"post","link":"https:\/\/saladtomatonion.com\/blog\/2010\/06\/16\/mesurer-lexposition-avec-son-reflex-numerique\/","title":{"rendered":"Mesurer l&rsquo;exposition avec son reflex num\u00e9rique"},"content":{"rendered":"<p>Lors d&rsquo;<a href=\"\/blog\/2010\/06\/09\/retour-aux-fondamentaux-comprendre-lexposition\/\">un pr\u00e9c\u00e9dent article<\/a>, je vous parlais des liens qui r\u00e9gissent les trois r\u00e9glages de l&rsquo;exposition : la sensibilit\u00e9, le temps de pose et l&rsquo;ouverture. Ce que je n&rsquo;ai pas d\u00e9taill\u00e9, c&rsquo;est de quelle fa\u00e7on exactement on d\u00e9termine l&rsquo;exposition correcte d&rsquo;une sc\u00e8ne. Je vais donc expliquer ce que j&rsquo;ai compris du mat\u00e9riel de mesure int\u00e9gr\u00e9 \u00e0 nos appareils photo modernes (particuli\u00e8rement les reflex).<\/p>\n<p><!--more-->La cellule de mesure d&rsquo;un appareil photo est une cellule \u00e0 lumi\u00e8re r\u00e9fl\u00e9chie, c&rsquo;est \u00e0 dire qu&rsquo;elle conna\u00eet la quantit\u00e9 de lumi\u00e8re en provenance de l&rsquo;objet qu&rsquo;elle \u00ab\u00a0regarde\u00a0\u00bb. Cette mesure est calibr\u00e9e autour du gris moyen (renvoyant \u00e0 peu pr\u00e8s 18% de la lumi\u00e8re re\u00e7ue) : cons\u00e9quence, si on fait une mesure \u00ab\u00a0correcte\u00a0\u00bb du point de vue de la cellule sur un carton blanc, il sera reproduit comme gris. J&rsquo;en reparlerai plus en d\u00e9tail, dans un autre article.<\/p>\n<p>Il existe en g\u00e9n\u00e9ral trois modes de mesure.<\/p>\n<h2>La mesure matricielle<\/h2>\n<p><img decoding=\"async\" loading=\"lazy\" class=\"alignleft size-full wp-image-369\" style=\"margin-right: 1em; margin-bottom: 1em;\" title=\"mesure-matricielle\" src=\"http:\/\/saladtomatonion.com\/blog\/wp-content\/uploads\/2010\/06\/mesure-matricielle.png\" alt=\"\" width=\"76\" height=\"56\" \/>Appel\u00e9e 3D Color Matrix II sur mon Nikon D700, cette option de mesure couvre une grande partie de l&rsquo;image, et mesure donc la luminosit\u00e9 en plusieurs points. La grille de mesure est ensuite report\u00e9e \u00e0 un ensemble de sc\u00e8nes types d\u00e9finies par le contructeurs et pr\u00e9sentes dans le logiciel embarqu\u00e9 de l&rsquo;appareil photo.<\/p>\n<p>Cette comparaison permet de retrouver des types de sc\u00e8nes qui correspondent et donc de fournir une valeur coh\u00e9rente quant \u00e0 l&rsquo;exposition. Par exemple, pour un paysage en plaine, le ciel est souvent plus clair que le sol, mais l&rsquo;appareil reconna\u00eetra la situation et choisira une valeur interm\u00e9diaire qui permettra au mieux d&rsquo;exposer ciel et terre correctement.<\/p>\n<p>Bien s\u00fbr il y a quelques cas (contre-jour et neige, particuli\u00e8rement) o\u00f9 la mesure automatique sera perdue et ne saura pas faire les bons choix. Ceci dit, le r\u00e9pertoire de sc\u00e8nes des appareil photo s&rsquo;enrichit r\u00e9guli\u00e8rement et gagne en pr\u00e9cision.<\/p>\n<p>Je trouve ce type de mesure pratique avec les modes automatiques ou semi-automatiques (programme, priorit\u00e9 \u00e0 l&rsquo;ouverture ou priorit\u00e9 \u00e0 la vitesse), et fonctionne plut\u00f4t bien dans ces conditions.<\/p>\n<h2>La mesure centrale pond\u00e9r\u00e9e<\/h2>\n<p><img decoding=\"async\" loading=\"lazy\" class=\"alignleft size-full wp-image-368\" style=\"margin-right: 1em; margin-bottom: 1em;\" title=\"mesure-centrale-ponderee\" src=\"http:\/\/saladtomatonion.com\/blog\/wp-content\/uploads\/2010\/06\/mesure-centrale-ponderee.png\" alt=\"\" width=\"75\" height=\"56\" \/>Ici, la mesure est effectu\u00e9e sur l&rsquo;ensemble de l&rsquo;image, mais la valeur indiqu\u00e9e est une moyenne pond\u00e9r\u00e9e privil\u00e9giant les une zone centrale.<\/p>\n<p>Cette surface est relativement \u00e9tendue, et sur certains mod\u00e8les d&rsquo;appareils, peut \u00eatre r\u00e9gl\u00e9e. La taille de la zone n&rsquo;appara\u00eet pas dans le viseur, il faut donc avoir une id\u00e9e approximative de ce que l&rsquo;on a (les manuels d&rsquo;utilisation fournissent parfois des sch\u00e9mas).<\/p>\n<p>Ce mode est pratique pour le portrait, la zone centrale correspondant grosso modo \u00e0 l&rsquo;espace occup\u00e9 par le visage d&rsquo;une personne cadr\u00e9e aux \u00e9paules.<\/p>\n<h2>La mesure ponctuelle \u00ab\u00a0spot\u00a0\u00bb<\/h2>\n<p><img decoding=\"async\" loading=\"lazy\" class=\"alignleft size-full wp-image-370\" style=\"margin-right: 1em; margin-bottom: 1em;\" title=\"mesure-spot\" src=\"http:\/\/saladtomatonion.com\/blog\/wp-content\/uploads\/2010\/06\/mesure-spot.png\" alt=\"\" width=\"75\" height=\"56\" \/>La surface prise en compte pour la mesure de lumi\u00e8re est ici r\u00e9duite \u00e0 un petit point central. Sur mon reflex, cette zone suit le collimateur de mise au point.<\/p>\n<p>Ce mode de mesure permet donc de conna\u00eetre la lumi\u00e8re r\u00e9fl\u00e9chie sur une portion r\u00e9duite de l&rsquo;image et permet potentiellement de mesurer soi-m\u00eame diff\u00e9rents \u00e9l\u00e9ments de la sc\u00e8ne. Avec mon appareil, comme sur de nombreux mod\u00e8les, il est bien s\u00fbr possible de modifier la taille du point de mesure.<\/p>\n<p>Cette fa\u00e7on de faire peut \u00eatre tr\u00e8s trompeuse pour les modes semi-auto ou auto, \u00e0 moins d&rsquo;\u00eatre s\u00fbr de bien placer son collimateur.<\/p>\n<p>Personnellement, le mode \u00ab\u00a0spot\u00a0\u00bb est mon mode pr\u00e9f\u00e9r\u00e9, car je suis le plus souvent en mode manuel. Je mesure diff\u00e9rents \u00e9l\u00e9ments de la sc\u00e8ne que je souhaite mettre en bo\u00eete, et je prends donc <a href=\"http:\/\/saladtomatonion.com\/blog\/2010\/06\/09\/retour-aux-fondamentaux-comprendre-lexposition\/\">toutes les d\u00e9cisions d&rsquo;exposition<\/a> moi-m\u00eame en fonction de ce que me livre la cellule.<\/p>\n<p>Et vous, qu&rsquo;est ce que vous aimez le mieux?<\/p>\n","protected":false},"excerpt":{"rendered":"<p>Lors d&rsquo;un pr\u00e9c\u00e9dent article, je vous parlais des liens qui r\u00e9gissent les trois r\u00e9glages de l&rsquo;exposition : la sensibilit\u00e9, le temps de pose et l&rsquo;ouverture. Ce que je n&rsquo;ai pas d\u00e9taill\u00e9, c&rsquo;est de quelle&#46;&#46;&#46;<\/p>\n","protected":false},"author":2,"featured_media":0,"comment_status":"open","ping_status":"open","sticky":false,"template":"","format":"standard","meta":{"footnotes":"","jetpack_publicize_message":"","jetpack_is_tweetstorm":false,"jetpack_publicize_feature_enabled":true,"jetpack_social_post_already_shared":false,"jetpack_social_options":{"image_generator_settings":{"template":"highway","enabled":false}}},"categories":[4],"tags":[48,84,43,79,82,46,6,76,83,78,85],"jetpack_publicize_connections":[],"jetpack_featured_media_url":"","jetpack_sharing_enabled":true,"_links":{"self":[{"href":"https:\/\/saladtomatonion.com\/blog\/wp-json\/wp\/v2\/posts\/348"}],"collection":[{"href":"https:\/\/saladtomatonion.com\/blog\/wp-json\/wp\/v2\/posts"}],"about":[{"href":"https:\/\/saladtomatonion.com\/blog\/wp-json\/wp\/v2\/types\/post"}],"author":[{"embeddable":true,"href":"https:\/\/saladtomatonion.com\/blog\/wp-json\/wp\/v2\/users\/2"}],"replies":[{"embeddable":true,"href":"https:\/\/saladtomatonion.com\/blog\/wp-json\/wp\/v2\/comments?post=348"}],"version-history":[{"count":17,"href":"https:\/\/saladtomatonion.com\/blog\/wp-json\/wp\/v2\/posts\/348\/revisions"}],"predecessor-version":[{"id":1281,"href":"https:\/\/saladtomatonion.com\/blog\/wp-json\/wp\/v2\/posts\/348\/revisions\/1281"}],"wp:attachment":[{"href":"https:\/\/saladtomatonion.com\/blog\/wp-json\/wp\/v2\/media?parent=348"}],"wp:term":[{"taxonomy":"category","embeddable":true,"href":"https:\/\/saladtomatonion.com\/blog\/wp-json\/wp\/v2\/categories?post=348"},{"taxonomy":"post_tag","embeddable":true,"href":"https:\/\/saladtomatonion.com\/blog\/wp-json\/wp\/v2\/tags?post=348"}],"curies":[{"name":"wp","href":"https:\/\/api.w.org\/{rel}","templated":true}]}}